{"id":995,"date":"2014-10-28T14:35:41","date_gmt":"2014-10-28T14:35:41","guid":{"rendered":"http:\/\/www.callejeromadrid.eu\/guia\/?p=995"},"modified":"2014-10-27T14:38:08","modified_gmt":"2014-10-27T14:38:08","slug":"17-millones-de-euros-en-el-alumbrado-navideno-de-madrid-20142015","status":"publish","type":"post","link":"https:\/\/www.callejeromadrid.eu\/guia\/17-millones-de-euros-en-el-alumbrado-navideno-de-madrid-20142015.htm","title":{"rendered":"1,7 millones de Euros en el alumbrado navide\u00f1o de Madrid 2014\/2015"},"content":{"rendered":"<ul>\n<li>Alumbrado Navide\u00f1o de Madrid: 28 de Noviembre 2014.<\/li>\n<li>Nuevas calles y nuevos dise\u00f1os.<\/li>\n<li>M\u00e1s horas de encendido diario, 200 horas m\u00e1s que en 2013<\/li>\n<li>Madrid gastar\u00e1 un 7,2% en el alumbrado de este a\u00f1o 2014\/2015, con respecto al a\u00f1o pasado<\/li>\n<\/ul>\n<p>El alumbrado navide\u00f1o de este a\u00f1o, ser\u00e1 comprendido en las fechas: El 28 de Noviembre ser\u00e1 el encendido, y el apag\u00f3n ser\u00e1 el 6 de Enero del 2015.<\/p>\n<h2>Horarios del alumbrado navide\u00f1o Madrid<\/h2>\n<p>El alumbrado navide\u00f1o de Madrid permanecer\u00e1 encendido entre las 18:00h y las 22:00h horas de domingo a mi\u00e9rcoles y de 18:00h a 23:00h los jueves, viernes y s\u00e1bados y v\u00edsperas de festivos.<br \/>\nA excepci\u00f3n de algunos d\u00edas:<\/p>\n<ul>\n<li>el 24 de diciembre y el 5 de enero, el horario ser\u00e1 de 18:00h a 03:00h<\/li>\n<li>el 25 de diciembre y el 1 y el 6 de enero ser\u00e1 de 18:00h a 24:00h<\/li>\n<li>el 31 de diciembre, que ser\u00e1 el d\u00eda con m\u00e1s horas de encendido, de 18:00h a 06:00h<\/li>\n<\/ul>\n","protected":false},"excerpt":{"rendered":"<p>Alumbrado Navide\u00f1o de Madrid: 28 de Noviembre 2014. Nuevas calles y nuevos dise\u00f1os. M\u00e1s horas de encendido diario, 200 horas m\u00e1s que en 2013 Madrid gastar\u00e1 un 7,2% en el alumbrado de este a\u00f1o 2014\/2015, con respecto al a\u00f1o pasado El alumbrado navide\u00f1o de este a\u00f1o, ser\u00e1 comprendido en las fechas: El 28 de Noviembre [&hellip;]<\/p>\n","protected":false},"author":1,"featured_media":0,"comment_status":"open","ping_status":"open","sticky":false,"template":"","format":"standard","meta":{"footnotes":""},"categories":[6],"tags":[],"class_list":["post-995","post","type-post","status-publish","format-standard","hentry","category-noticias-importantes"],"_links":{"self":[{"href":"https:\/\/www.callejeromadrid.eu\/guia\/wp-json\/wp\/v2\/posts\/995","targetHints":{"allow":["GET"]}}],"collection":[{"href":"https:\/\/www.callejeromadrid.eu\/guia\/wp-json\/wp\/v2\/posts"}],"about":[{"href":"https:\/\/www.callejeromadrid.eu\/guia\/wp-json\/wp\/v2\/types\/post"}],"author":[{"embeddable":true,"href":"https:\/\/www.callejeromadrid.eu\/guia\/wp-json\/wp\/v2\/users\/1"}],"replies":[{"embeddable":true,"href":"https:\/\/www.callejeromadrid.eu\/guia\/wp-json\/wp\/v2\/comments?post=995"}],"version-history":[{"count":1,"href":"https:\/\/www.callejeromadrid.eu\/guia\/wp-json\/wp\/v2\/posts\/995\/revisions"}],"predecessor-version":[{"id":996,"href":"https:\/\/www.callejeromadrid.eu\/guia\/wp-json\/wp\/v2\/posts\/995\/revisions\/996"}],"wp:attachment":[{"href":"https:\/\/www.callejeromadrid.eu\/guia\/wp-json\/wp\/v2\/media?parent=995"}],"wp:term":[{"taxonomy":"category","embeddable":true,"href":"https:\/\/www.callejeromadrid.eu\/guia\/wp-json\/wp\/v2\/categories?post=995"},{"taxonomy":"post_tag","embeddable":true,"href":"https:\/\/www.callejeromadrid.eu\/guia\/wp-json\/wp\/v2\/tags?post=995"}],"curies":[{"name":"wp","href":"https:\/\/api.w.org\/{rel}","templated":true}]}}