{"id":870,"date":"2014-06-19T09:20:30","date_gmt":"2014-06-19T09:20:30","guid":{"rendered":"http:\/\/www.callejeromadrid.eu\/guia\/?p=870"},"modified":"2014-06-19T09:20:30","modified_gmt":"2014-06-19T09:20:30","slug":"dia-intenso-para-felipe-vi","status":"publish","type":"post","link":"https:\/\/www.callejeromadrid.eu\/guia\/dia-intenso-para-felipe-vi.htm","title":{"rendered":"Dia intenso para Felipe VI"},"content":{"rendered":"<p><strong>Hoy, 19 de Junio de 2014 es un d\u00eda hist\u00f3rico para todos los espa\u00f1oles.<\/strong><\/p>\n<p><strong>Felipe VI<\/strong> har\u00e1 la jura sobre un ejemplar de la Carta Magna de 1978, ante casi 700 senadores y diputados, reunidos en sesi\u00f3n conjunta.<\/p>\n<p><strong>Felipe VI<\/strong> es el nuevo Rey de Espa\u00f1a, y durante todo el d\u00eda habr\u00e1 actos: Un d\u00eda intenso para el nuevo <strong>Rey Felipe VI<\/strong><\/p>\n<ul>\n<li>09:30 h: Imposici\u00f3n del faj\u00edn<\/li>\n<li>10:00 h: Salida de la Zarzuela<\/li>\n<li>10:30 h: Llegada al Congreso de los Diputados<\/li>\n<li>11:30 h: Desfile de la comitiva<\/li>\n<li>11:30 h a las 12.15 h: recorrido en coche por los puntos m\u00e1s emblem\u00e1ticos de la capital: Plaza de Neptuno, Paseo del Prado, Plaza de Cibeles, Calle Alcal\u00e1, Gran V\u00eda, Callao, Plaza de Espa\u00f1a, Calle Bail\u00e9n, Plaza de Oriente.<\/li>\n<li>12:15 h: Llegada al Palacio Real<\/li>\n<li>13:00 h: Recepci\u00f3n oficial<\/li>\n<\/ul>\n<p>Sigue en directo el d\u00eda intenso del nuevo <strong>Rey de Espa\u00f1a Felipe VI:<\/strong><\/p>\n<ul>\n<li><a href=\"http:\/\/www.callejeromadrid.eu\/guia\/sigue-en-directo-la-abdicacion-de-nuestro-nuevo-rey-felipe-vi.htm\">Sigue en directo la abdicaci\u00f3n de nuestro nuevo Rey: Felipe VI<\/a><\/li>\n<li><a href=\"http:\/\/www.callejeromadrid.eu\/guia\/felipe-vi-nuevo-rey.htm\">Felipe VI, nuevo Rey<\/a><\/li>\n<\/ul>\n","protected":false},"excerpt":{"rendered":"<p>Hoy, 19 de Junio de 2014 es un d\u00eda hist\u00f3rico para todos los espa\u00f1oles. Felipe VI har\u00e1 la jura sobre un ejemplar de la Carta Magna de 1978, ante casi 700 senadores y diputados, reunidos en sesi\u00f3n conjunta. Felipe VI es el nuevo Rey de Espa\u00f1a, y durante todo el d\u00eda habr\u00e1 actos: Un d\u00eda [&hellip;]<\/p>\n","protected":false},"author":1,"featured_media":0,"comment_status":"open","ping_status":"open","sticky":false,"template":"","format":"standard","meta":{"footnotes":""},"categories":[6],"tags":[23],"class_list":["post-870","post","type-post","status-publish","format-standard","hentry","category-noticias-importantes","tag-felipe-vi"],"_links":{"self":[{"href":"https:\/\/www.callejeromadrid.eu\/guia\/wp-json\/wp\/v2\/posts\/870","targetHints":{"allow":["GET"]}}],"collection":[{"href":"https:\/\/www.callejeromadrid.eu\/guia\/wp-json\/wp\/v2\/posts"}],"about":[{"href":"https:\/\/www.callejeromadrid.eu\/guia\/wp-json\/wp\/v2\/types\/post"}],"author":[{"embeddable":true,"href":"https:\/\/www.callejeromadrid.eu\/guia\/wp-json\/wp\/v2\/users\/1"}],"replies":[{"embeddable":true,"href":"https:\/\/www.callejeromadrid.eu\/guia\/wp-json\/wp\/v2\/comments?post=870"}],"version-history":[{"count":1,"href":"https:\/\/www.callejeromadrid.eu\/guia\/wp-json\/wp\/v2\/posts\/870\/revisions"}],"predecessor-version":[{"id":871,"href":"https:\/\/www.callejeromadrid.eu\/guia\/wp-json\/wp\/v2\/posts\/870\/revisions\/871"}],"wp:attachment":[{"href":"https:\/\/www.callejeromadrid.eu\/guia\/wp-json\/wp\/v2\/media?parent=870"}],"wp:term":[{"taxonomy":"category","embeddable":true,"href":"https:\/\/www.callejeromadrid.eu\/guia\/wp-json\/wp\/v2\/categories?post=870"},{"taxonomy":"post_tag","embeddable":true,"href":"https:\/\/www.callejeromadrid.eu\/guia\/wp-json\/wp\/v2\/tags?post=870"}],"curies":[{"name":"wp","href":"https:\/\/api.w.org\/{rel}","templated":true}]}}