{"id":866,"date":"2014-06-19T08:11:53","date_gmt":"2014-06-19T08:11:53","guid":{"rendered":"http:\/\/www.callejeromadrid.eu\/guia\/?p=866"},"modified":"2014-06-19T08:11:53","modified_gmt":"2014-06-19T08:11:53","slug":"felipe-vi-nuevo-rey","status":"publish","type":"post","link":"https:\/\/www.callejeromadrid.eu\/guia\/felipe-vi-nuevo-rey.htm","title":{"rendered":"Felipe VI, nuevo Rey"},"content":{"rendered":"<p><strong>Felipe VI es el nuevo rey de Espa\u00f1a<\/strong>, a partir de esta medianoche, con la entrada en vigor de la ley org\u00e1nica sancionada por don Juan Carlos. Su proclamaci\u00f3n, hoy jueves 19 de Junio ante las Cortes Generales, en una ceremonia en el Congreso de los Diputados.<\/p>\n<p><!--more-->Los actos oficiales de proclamaci\u00f3n comenzar\u00e1n a las 9:30 horas, cuando don Juan Carlos le pasar\u00e1 a Felipe VI el faj\u00edn de Capit\u00e1n General.<\/p>\n<p>Los nuevos reyes -don Felipe y do\u00f1a Letizia- acompa\u00f1ados por la Princesa de Asturias y la infanta Sof\u00eda, har\u00e1n un recorrido en autom\u00f3vil desde el Palacio Real hasta el Congreso de los Diputados.<\/p>\n<p>En el Congreso de los Diputados, rendir\u00e1n honores a los reyes, todo un batall\u00f3n de 854 efectivos formado por los tres ej\u00e9rcitos y la Guardia Civil.<\/p>\n<p>El rey pasar\u00e1 revista a la fuerza acompa\u00f1ado por el jefe del Estado Mayor de la Defensa (JEMAD), el jefe del Cuarto Militar de la Casa de Su Majestad el Rey y el teniente coronel jefe del batall\u00f3n.<\/p>\n<p><a href=\"http:\/\/www.callejeromadrid.eu\/guia\/sigue-en-directo-la-abdicacion-de-nuestro-nuevo-rey-felipe-vi.htm\">Sigue en directo la abdicaci\u00f3n de nuestro nuevo Rey: Felipe VI<\/a><\/p>\n","protected":false},"excerpt":{"rendered":"<p>Felipe VI es el nuevo rey de Espa\u00f1a, a partir de esta medianoche, con la entrada en vigor de la ley org\u00e1nica sancionada por don Juan Carlos. Su proclamaci\u00f3n, hoy jueves 19 de Junio ante las Cortes Generales, en una ceremonia en el Congreso de los Diputados.<\/p>\n","protected":false},"author":1,"featured_media":0,"comment_status":"open","ping_status":"open","sticky":false,"template":"","format":"standard","meta":{"footnotes":""},"categories":[6],"tags":[23],"class_list":["post-866","post","type-post","status-publish","format-standard","hentry","category-noticias-importantes","tag-felipe-vi"],"_links":{"self":[{"href":"https:\/\/www.callejeromadrid.eu\/guia\/wp-json\/wp\/v2\/posts\/866","targetHints":{"allow":["GET"]}}],"collection":[{"href":"https:\/\/www.callejeromadrid.eu\/guia\/wp-json\/wp\/v2\/posts"}],"about":[{"href":"https:\/\/www.callejeromadrid.eu\/guia\/wp-json\/wp\/v2\/types\/post"}],"author":[{"embeddable":true,"href":"https:\/\/www.callejeromadrid.eu\/guia\/wp-json\/wp\/v2\/users\/1"}],"replies":[{"embeddable":true,"href":"https:\/\/www.callejeromadrid.eu\/guia\/wp-json\/wp\/v2\/comments?post=866"}],"version-history":[{"count":1,"href":"https:\/\/www.callejeromadrid.eu\/guia\/wp-json\/wp\/v2\/posts\/866\/revisions"}],"predecessor-version":[{"id":867,"href":"https:\/\/www.callejeromadrid.eu\/guia\/wp-json\/wp\/v2\/posts\/866\/revisions\/867"}],"wp:attachment":[{"href":"https:\/\/www.callejeromadrid.eu\/guia\/wp-json\/wp\/v2\/media?parent=866"}],"wp:term":[{"taxonomy":"category","embeddable":true,"href":"https:\/\/www.callejeromadrid.eu\/guia\/wp-json\/wp\/v2\/categories?post=866"},{"taxonomy":"post_tag","embeddable":true,"href":"https:\/\/www.callejeromadrid.eu\/guia\/wp-json\/wp\/v2\/tags?post=866"}],"curies":[{"name":"wp","href":"https:\/\/api.w.org\/{rel}","templated":true}]}}