{"id":860,"date":"2014-06-19T07:45:40","date_gmt":"2014-06-19T07:45:40","guid":{"rendered":"http:\/\/www.callejeromadrid.eu\/guia\/?p=860"},"modified":"2014-06-19T08:12:35","modified_gmt":"2014-06-19T08:12:35","slug":"sigue-en-directo-la-abdicacion-de-nuestro-nuevo-rey-felipe-vi","status":"publish","type":"post","link":"https:\/\/www.callejeromadrid.eu\/guia\/sigue-en-directo-la-abdicacion-de-nuestro-nuevo-rey-felipe-vi.htm","title":{"rendered":"Sigue en directo la abdicaci\u00f3n de nuestro nuevo Rey: Felipe VI"},"content":{"rendered":"<p>Ya puedes seguir en directo online, la ceremonia de abdicaci\u00f3n del nuevo Rey Felipe VI:<\/p>\n<p>&nbsp;<\/p>\n<div style=\"width: 100%; padding-top: 64%; position: relative; border-bottom: 1px solid #aaa; display: inline-block; background: rgba(255,255,255,0.9);\"><iframe loading=\"lazy\" style=\"width: 100%; height: 90%; position: absolute; left: 0; top: 0; overflow: hidden;\" src=\"http:\/\/www.rtve.es\/drmn\/embed\/video\/1227710\" height=\"240\" width=\"320\" frameborder=\"0\" scrolling=\"no\"><\/iframe><\/div>\n<p>Felipe VI ya es Capit\u00e1n General tras recibir el faj\u00edn.<\/p>\n","protected":false},"excerpt":{"rendered":"<p>Ya puedes seguir en directo online, la ceremonia de abdicaci\u00f3n del nuevo Rey Felipe VI: &nbsp; Felipe VI ya es Capit\u00e1n General tras recibir el faj\u00edn.<\/p>\n","protected":false},"author":1,"featured_media":0,"comment_status":"open","ping_status":"open","sticky":false,"template":"","format":"standard","meta":{"footnotes":""},"categories":[6],"tags":[24],"class_list":["post-860","post","type-post","status-publish","format-standard","hentry","category-noticias-importantes","tag-abdicacion-felipe-vi"],"_links":{"self":[{"href":"https:\/\/www.callejeromadrid.eu\/guia\/wp-json\/wp\/v2\/posts\/860","targetHints":{"allow":["GET"]}}],"collection":[{"href":"https:\/\/www.callejeromadrid.eu\/guia\/wp-json\/wp\/v2\/posts"}],"about":[{"href":"https:\/\/www.callejeromadrid.eu\/guia\/wp-json\/wp\/v2\/types\/post"}],"author":[{"embeddable":true,"href":"https:\/\/www.callejeromadrid.eu\/guia\/wp-json\/wp\/v2\/users\/1"}],"replies":[{"embeddable":true,"href":"https:\/\/www.callejeromadrid.eu\/guia\/wp-json\/wp\/v2\/comments?post=860"}],"version-history":[{"count":6,"href":"https:\/\/www.callejeromadrid.eu\/guia\/wp-json\/wp\/v2\/posts\/860\/revisions"}],"predecessor-version":[{"id":868,"href":"https:\/\/www.callejeromadrid.eu\/guia\/wp-json\/wp\/v2\/posts\/860\/revisions\/868"}],"wp:attachment":[{"href":"https:\/\/www.callejeromadrid.eu\/guia\/wp-json\/wp\/v2\/media?parent=860"}],"wp:term":[{"taxonomy":"category","embeddable":true,"href":"https:\/\/www.callejeromadrid.eu\/guia\/wp-json\/wp\/v2\/categories?post=860"},{"taxonomy":"post_tag","embeddable":true,"href":"https:\/\/www.callejeromadrid.eu\/guia\/wp-json\/wp\/v2\/tags?post=860"}],"curies":[{"name":"wp","href":"https:\/\/api.w.org\/{rel}","templated":true}]}}