{"id":435,"date":"2013-04-22T20:09:33","date_gmt":"2013-04-22T20:09:33","guid":{"rendered":"http:\/\/www.callejeromadrid.eu\/guia\/?p=435"},"modified":"2013-04-22T20:10:54","modified_gmt":"2013-04-22T20:10:54","slug":"las-multinacionales-tecnologicas-siguen-apostando-por-madrid","status":"publish","type":"post","link":"https:\/\/www.callejeromadrid.eu\/guia\/las-multinacionales-tecnologicas-siguen-apostando-por-madrid.htm","title":{"rendered":"Las multinacionales tecnol\u00f3gicas siguen apostando por Madrid"},"content":{"rendered":"<ul>\n<li><strong>Amazon crear\u00e1 casi 400 empleos en su centro log\u00edstico de Madrid<\/strong><\/li>\n<\/ul>\n<p><strong>El centro log\u00edstico de Amazon en el municipio madrile\u00f1o de San Fernando de Henares tiene previsto crear hasta finales de este a\u00f1o cerca de 400 trabajadores entre temporales y permanentes, seg\u00fan ha informado este lunes el director general de Amazon en Espa\u00f1a, Fra\u00e7ois Nuyts, durante una visita del presidente regional, Ignacio Gonz\u00e1lez, a las instalaciones, donde actualmente trabajan 220 personas.<\/strong><\/p>\n<p><a href=\"http:\/\/www.callejeromadrid.eu\/guia\/wp-content\/uploads\/2013\/04\/amazon-madrid.jpg\"><img loading=\"lazy\" decoding=\"async\" class=\"aligncenter size-full wp-image-438\" title=\"amazon madrid\" src=\"http:\/\/www.callejeromadrid.eu\/guia\/wp-content\/uploads\/2013\/04\/amazon-madrid.jpg\" alt=\"\" width=\"550\" height=\"320\" srcset=\"https:\/\/www.callejeromadrid.eu\/guia\/wp-content\/uploads\/2013\/04\/amazon-madrid.jpg 550w, https:\/\/www.callejeromadrid.eu\/guia\/wp-content\/uploads\/2013\/04\/amazon-madrid-300x174.jpg 300w\" sizes=\"auto, (max-width: 550px) 100vw, 550px\" \/><\/a><\/p>\n<p><!--more-->Desde este centro, que lleva en funcionamiento en torno a un a\u00f1o y medio, se env\u00edan los pedidos de los clientes no solo a Espa\u00f1a sino a otros pa\u00edses del resto de Europa y del mundo, clientes que pueden realizar sus compras a trav\u00e9s de Internet de forma \u00absencilla y r\u00e1pida\u00bb, contando con una \u00abselecci\u00f3n inmensa\u00bb de productos a \u00abprecios baratos\u00bb y con una \u00abentrega r\u00e1pida y gratuita con la opci\u00f3n Premium\u00bb, ha indicado Nuyts.<\/p>\n<p>La superficie del centro es de 32.000 metros cuadrados, \u00abequivalente a cuatro campos de f\u00fatbol\u00bb, ha precisado el directivo de la compa\u00f1\u00eda, la cual ha desembarcado en Madrid para quedarse \u00aba largo plazo y ser un socio local\u00bb, habiendo invertido \u00abcientos de millones de euros\u00bb.<\/p>\n<p>Nuyts ha destacado que el portal Amazon.es contribuye al crecimiento del negocio online de empresas espa\u00f1olas por toda la Uni\u00f3n Europa, por medio de la herramienta &#8216;Marketplace&#8217; con la cual pueden gestionar todos los aspectos de sus ventas en Amazon.es.<\/p>\n<p>Por su parte, el presidente regional, Ignacio Gonz\u00e1lez, quien ha visitado las instalaciones de este centro log\u00edstico en compa\u00f1\u00eda del consejero de Econom\u00eda Y Hacienda, Enrique Ossorio, y del presidente de la patronal madrile\u00f1a CEIM y la C\u00e1mara de Comercio e Industria de Madrid, Arturo Fern\u00e1ndez, ha puesto de manifiesto que el sector de la log\u00edstica y el transporte es estrat\u00e9gico para la el Gobierno regional porque garantiza la distribuci\u00f3n de todos los bienes producidos o consumidos en la regi\u00f3n y por su \u00abfuerte impacto sobre la econom\u00eda regional\u00bb.<\/p>\n<p>En concreto, ha indicado que el 75 por ciento de las empresas de transportes y log\u00edstica tienen su sede en la Comunidad de Madrid, y que se trata de un sector que emplea a m\u00e1s de 170.000 personas en la regi\u00f3n.<\/p>\n<p>Gonz\u00e1lez ha destacado las \u00abventajas competitivas\u00bb de Madrid para acoger a grandes empresas, al constituir \u00abuna posici\u00f3n estrat\u00e9gica\u00bb tanto con relaci\u00f3n a la Pen\u00ednsula Ib\u00e9rica como con Am\u00e9rica Latina.<\/p>\n<p>A este respecto, ha puesto de manifiesto que Madrid cuenta con una red radial de comunicaciones y transportes que aumentan su potencial como centro de negocios y su proyecci\u00f3n internacional, a la que hay que a\u00f1adir el aeropuerto Madrid-Barajas.<\/p>\n<p>Gonz\u00e1lez ha se\u00f1alado tambi\u00e9n la importancia del comercio electr\u00f3nico como herramienta de internacionalizaci\u00f3n de las empresas madrile\u00f1as, que multiplica la capacidad de exportaci\u00f3n sin necesidad de acometer grandes inversiones para salir al extranjero.<\/p>\n<p>Por ello, ha reafirmado el apoyo del Gobierno regional al desarrollo del comercio electr\u00f3nico a trav\u00e9s de iniciativas como el Programa para el Desarrollo del Comercio Electr\u00f3nico (DeC), dirigido a pymes del sector del comercio, aut\u00f3nomos y emprendedores.<\/p>\n<p>Amazon es una empresa multinacional de comercio electr\u00f3nico, fundada bajo el nombre Cadabra.com por Jeff Bezos en 1994 como una librer\u00eda online con cerca de 200.000 t\u00edtulos en &#8216;stock&#8217;. Despu\u00e9s fue rebautizada como Amazon, y en la actualidad ofrece m\u00e1s de 15 millones de productos.<\/p>\n<p>Amazon realiz\u00f3 el lanzamiento de su web en espa\u00f1ol en septiembre de 2011. En poco m\u00e1s de un a\u00f1o ha conseguido incorporar miles de empresas externas que venden a trav\u00e9s de la plataforma &#8216;Marketplace&#8217; de Amazon. En julio de 2012 Amazon apuesta por la Comunidad de Madrid e inaugura el Centro Log\u00edstico de San Fernando de Henares.<\/p>\n","protected":false},"excerpt":{"rendered":"<p>Amazon crear\u00e1 casi 400 empleos en su centro log\u00edstico de Madrid El centro log\u00edstico de Amazon en el municipio madrile\u00f1o de San Fernando de Henares tiene previsto crear hasta finales de este a\u00f1o cerca de 400 trabajadores entre temporales y permanentes, seg\u00fan ha informado este lunes el director general de Amazon en Espa\u00f1a, Fra\u00e7ois Nuyts, [&hellip;]<\/p>\n","protected":false},"author":1,"featured_media":0,"comment_status":"open","ping_status":"open","sticky":false,"template":"","format":"standard","meta":{"footnotes":""},"categories":[6],"tags":[],"class_list":["post-435","post","type-post","status-publish","format-standard","hentry","category-noticias-importantes"],"_links":{"self":[{"href":"https:\/\/www.callejeromadrid.eu\/guia\/wp-json\/wp\/v2\/posts\/435","targetHints":{"allow":["GET"]}}],"collection":[{"href":"https:\/\/www.callejeromadrid.eu\/guia\/wp-json\/wp\/v2\/posts"}],"about":[{"href":"https:\/\/www.callejeromadrid.eu\/guia\/wp-json\/wp\/v2\/types\/post"}],"author":[{"embeddable":true,"href":"https:\/\/www.callejeromadrid.eu\/guia\/wp-json\/wp\/v2\/users\/1"}],"replies":[{"embeddable":true,"href":"https:\/\/www.callejeromadrid.eu\/guia\/wp-json\/wp\/v2\/comments?post=435"}],"version-history":[{"count":3,"href":"https:\/\/www.callejeromadrid.eu\/guia\/wp-json\/wp\/v2\/posts\/435\/revisions"}],"predecessor-version":[{"id":439,"href":"https:\/\/www.callejeromadrid.eu\/guia\/wp-json\/wp\/v2\/posts\/435\/revisions\/439"}],"wp:attachment":[{"href":"https:\/\/www.callejeromadrid.eu\/guia\/wp-json\/wp\/v2\/media?parent=435"}],"wp:term":[{"taxonomy":"category","embeddable":true,"href":"https:\/\/www.callejeromadrid.eu\/guia\/wp-json\/wp\/v2\/categories?post=435"},{"taxonomy":"post_tag","embeddable":true,"href":"https:\/\/www.callejeromadrid.eu\/guia\/wp-json\/wp\/v2\/tags?post=435"}],"curies":[{"name":"wp","href":"https:\/\/api.w.org\/{rel}","templated":true}]}}