{"id":411,"date":"2024-02-11T12:45:12","date_gmt":"2024-02-11T12:45:12","guid":{"rendered":"http:\/\/www.callejeromadrid.eu\/guia\/?p=411"},"modified":"2025-04-10T06:43:30","modified_gmt":"2025-04-10T06:43:30","slug":"final-de-la-copa-del-rey-2013-17-de-mayo-en-el-santiago-bernabeu-2","status":"publish","type":"post","link":"https:\/\/www.callejeromadrid.eu\/guia\/final-de-la-copa-del-rey-2013-17-de-mayo-en-el-santiago-bernabeu-2.htm","title":{"rendered":"Madrid es uno de los destinos favoritos para esta Semana Santa 2019"},"content":{"rendered":"<ul>\n<li>Junto con Londres y Barcelona, son las ciudades m\u00e1s demandas para la Semana Santa.<\/li>\n<li>Renfe ha reforzado para los d\u00edas 23 de marzo y 1 de abril, las salidas nocturnas hasta Atocha.<\/li>\n<\/ul>\n<p><!--more-->Madrid es una vez m\u00e1s, la capital que eligen cientos de turistas para sus vacaciones de Semana Santa. Muchos son los establecimientos y comercios que ampl\u00edan sus horarios y ofertas para estas vacaciones.<\/p>\n<p>El Parque de Atracciones ampl\u00eda su horario en Semana Santa, nuevos espect\u00e1culos y nuevas atracciones. El pr\u00f3ximo 23 de marzo se estrenar\u00e1 el nuevo show de Nickelodeon &#8216;Kangreburguer Party&#8217;, que tendr\u00e1 como protagonistas a Bob Esponja, Patricio y el malvado Plankton.<br \/>\nLos visitantes el Parque podr\u00e1n probar la nueva monta\u00f1a rusa: TNT, \u00abel tren de la mina\u00bb que recorre las instalaciones de una vieja mina a toda velocidad, subiendo a 17,5 metros de altura y atravesando galer\u00edas subterr\u00e1neas y ca\u00eddas de agua.<\/p>\n<p>Las reservas hoteleras han aumentado un 30% con respecto al a\u00f1o pasado, siendo el presupuesto medio para las pr\u00f3ximas vacaciones de 250 a 400 euros por persona, con una duraci\u00f3n de unos 4-5 d\u00edas, seg\u00fan un estudio de la agencia de viajes Rumbo.<\/p>\n<p>Para las procesiones de Semana Santa de Madrid, aconsejamos visitar los recorridos y horarios de las diferentes cofrad\u00edas: <a href=\"https:\/\/www.callejeromadrid.eu\/guia\/semana-santa-y-procesiones-en-madrid.htm\">Callejero Semana Santa Madrid<\/a>, o mirar directamente en nuestro <a href=\"https:\/\/www.callejeromadrid.eu\">callejero de Madrid<\/a>, adaptando la ruta que necesit\u00e9is en todo momento.<\/p>\n<p>Se aconseja a todos los viajeros tomar las medidas apropiadas en el metro de Madrid, para evitar peque\u00f1os urtos, que puedan manchar sus vaciones.<\/p>\n","protected":false},"excerpt":{"rendered":"<p>Junto con Londres y Barcelona, son las ciudades m\u00e1s demandas para la Semana Santa. Renfe ha reforzado para los d\u00edas 23 de marzo y 1 de abril, las salidas nocturnas hasta Atocha.<\/p>\n","protected":false},"author":1,"featured_media":0,"comment_status":"open","ping_status":"open","sticky":false,"template":"","format":"standard","meta":{"footnotes":""},"categories":[6],"tags":[],"class_list":["post-411","post","type-post","status-publish","format-standard","hentry","category-noticias-importantes"],"_links":{"self":[{"href":"https:\/\/www.callejeromadrid.eu\/guia\/wp-json\/wp\/v2\/posts\/411","targetHints":{"allow":["GET"]}}],"collection":[{"href":"https:\/\/www.callejeromadrid.eu\/guia\/wp-json\/wp\/v2\/posts"}],"about":[{"href":"https:\/\/www.callejeromadrid.eu\/guia\/wp-json\/wp\/v2\/types\/post"}],"author":[{"embeddable":true,"href":"https:\/\/www.callejeromadrid.eu\/guia\/wp-json\/wp\/v2\/users\/1"}],"replies":[{"embeddable":true,"href":"https:\/\/www.callejeromadrid.eu\/guia\/wp-json\/wp\/v2\/comments?post=411"}],"version-history":[{"count":8,"href":"https:\/\/www.callejeromadrid.eu\/guia\/wp-json\/wp\/v2\/posts\/411\/revisions"}],"predecessor-version":[{"id":1261,"href":"https:\/\/www.callejeromadrid.eu\/guia\/wp-json\/wp\/v2\/posts\/411\/revisions\/1261"}],"wp:attachment":[{"href":"https:\/\/www.callejeromadrid.eu\/guia\/wp-json\/wp\/v2\/media?parent=411"}],"wp:term":[{"taxonomy":"category","embeddable":true,"href":"https:\/\/www.callejeromadrid.eu\/guia\/wp-json\/wp\/v2\/categories?post=411"},{"taxonomy":"post_tag","embeddable":true,"href":"https:\/\/www.callejeromadrid.eu\/guia\/wp-json\/wp\/v2\/tags?post=411"}],"curies":[{"name":"wp","href":"https:\/\/api.w.org\/{rel}","templated":true}]}}