{"id":307,"date":"2014-12-29T11:12:20","date_gmt":"2014-12-29T11:12:20","guid":{"rendered":"http:\/\/www.callejeromadrid.eu\/guia\/?p=307"},"modified":"2014-01-27T11:59:46","modified_gmt":"2014-01-27T11:59:46","slug":"recorridos-alternativos-en-capital-madrilena-para-la-celebracion-de-la-san-silvestre-2014","status":"publish","type":"post","link":"https:\/\/www.callejeromadrid.eu\/guia\/recorridos-alternativos-en-capital-madrilena-para-la-celebracion-de-la-san-silvestre-2014.htm","title":{"rendered":"Recorridos alternativos en capital madrile\u00f1a para la celebraci\u00f3n de la San Silvestre 2014"},"content":{"rendered":"<p><strong>El Ayuntamiento recomienda utilizar el transporte p\u00fablico a partir de las 17 horas del d\u00eda 31\/2014 hasta la medianoche del 1 de Enero del \u00a02015<\/strong><\/p>\n<p><!--more-->Los recorridos alternativos son, de norte a sur, por la calle Princesa, pasando por Plaza de Espa\u00f1a, Cuesta y Glorieta de San Vicente, paseo Pintor Rosales,Marques Cerralbo, Ferraz, Bail\u00e9n, Plaza y Gran V\u00eda de San Francisco y glorieta y calle de Toledo.<\/p>\n<p>Desde Bravo Murillo, por la glorieta de Cuatro Caminos, Bravo Murillo, Quevedo, San Bernardo y la glorieta de Ruiz Jim\u00e9nez. Otra opci\u00f3n es ir por Joaqu\u00edn Costa, la calle Francisco Silvela, Doctor Esquerdo, Pedro Bosch (paso elevado sobre avenida Ciudad de Barcelona) y M\u00e9ndez \u00c1lvaro; o El Bosco, calle P\u00edo Felipe y Avenida de Buenos Aires.<\/p>\n<p>De sur a norte, el recorrido alternativo es glorieta y cuesta de San Vicente, Plaza de Espa\u00f1a, Princesa, Alonso Mart\u00ednez, Santa Engracia, Cuatro Caminos y Bravo Murillo; o calle y glorieta Toledo, glorieta, Gran V\u00eda y plaza de San Francisco,Bail\u00e9n y Ferraz.<\/p>\n<p>Otro camino es ir por M\u00e9ndez \u00c1lvaro, Pedro Bosch (paso elevado sobre Avenida Ciudad de Barcelona), Doctor Esquerdo, Francisco Silvela y Joaqu\u00edn Costa; o avenida de Buenos Aires, P\u00edo Felipe y El Bosco.<\/p>\n<p>De oeste a este, el recorrido es por calle Sor \u00c1ngela de la Cruz, Cuzco, Alberto Alcocer, paso subterr\u00e1neo de Rep\u00fablica Dominicana,Costa Rica; Raimundo Fern\u00e1ndez Villaverde, elevado de Castellana, Joaqu\u00edn Costa y paso inferior de Rep\u00fablica Argentina.<\/p>\n<p>Otra opci\u00f3n es tomar Marqu\u00e9s de Urquijo, calle Alberto Aguilera, glorieta Ruiz Jim\u00e9nez, Carranza, glorieta de Bilbao, calle Sagasta, y plaza de Alonso Mart\u00ednez; o glorieta de Embajadores, calle Embajadores, Santa Mar\u00eda de la Cabeza, Ferrocarril, Ram\u00edrez del Prado, M\u00e9ndez \u00c1lvaro, y Avenida de Entrev\u00edas sentido a Avenida de Buenos Aires.<\/p>\n<p>Por \u00faltimo, de este a oeste, se recomienda coger la calle Costa Rica, el paso subterr\u00e1neo de la Glorieta de la Rep\u00fablica Dominicana, Alberto Alcocer, Cuzco, Sor \u00c1ngela de la Cruz; o el subterr\u00e1neo de Rep\u00fablica Argentina, Joaqu\u00edn Costa, el paso elevado de Castellana y Raimundo Fern\u00e1ndez Villaverde.<\/p>\n<p>Otra opci\u00f3n es tomar la plaza de Alonso Mart\u00ednez y circular por Sagasta, Bilbao, Carranza, glorieta de Ruiz Jim\u00e9nez, Alberto Aguilera y Marqu\u00e9s de Urquijo; Plaza de Conde Casal, avenida del Mediterr\u00e1neo, Mariano de Cavia, Reina Cristina, Infanta Isabel, paso inferior de la Glorieta de Carlos V y Ronda de Atocha; avenida de Entrev\u00edas sentido a M-30 y M\u00e9ndez \u00c1lvaro. En el recorrido externo, se puede coger la M-30 y M-40.<\/p>\n","protected":false},"excerpt":{"rendered":"<p>El Ayuntamiento recomienda utilizar el transporte p\u00fablico a partir de las 17 horas del d\u00eda 31\/2014 hasta la medianoche del 1 de Enero del \u00a02015<\/p>\n","protected":false},"author":1,"featured_media":0,"comment_status":"open","ping_status":"open","sticky":false,"template":"","format":"standard","meta":{"footnotes":""},"categories":[6],"tags":[],"class_list":["post-307","post","type-post","status-publish","format-standard","hentry","category-noticias-importantes"],"_links":{"self":[{"href":"https:\/\/www.callejeromadrid.eu\/guia\/wp-json\/wp\/v2\/posts\/307","targetHints":{"allow":["GET"]}}],"collection":[{"href":"https:\/\/www.callejeromadrid.eu\/guia\/wp-json\/wp\/v2\/posts"}],"about":[{"href":"https:\/\/www.callejeromadrid.eu\/guia\/wp-json\/wp\/v2\/types\/post"}],"author":[{"embeddable":true,"href":"https:\/\/www.callejeromadrid.eu\/guia\/wp-json\/wp\/v2\/users\/1"}],"replies":[{"embeddable":true,"href":"https:\/\/www.callejeromadrid.eu\/guia\/wp-json\/wp\/v2\/comments?post=307"}],"version-history":[{"count":4,"href":"https:\/\/www.callejeromadrid.eu\/guia\/wp-json\/wp\/v2\/posts\/307\/revisions"}],"predecessor-version":[{"id":580,"href":"https:\/\/www.callejeromadrid.eu\/guia\/wp-json\/wp\/v2\/posts\/307\/revisions\/580"}],"wp:attachment":[{"href":"https:\/\/www.callejeromadrid.eu\/guia\/wp-json\/wp\/v2\/media?parent=307"}],"wp:term":[{"taxonomy":"category","embeddable":true,"href":"https:\/\/www.callejeromadrid.eu\/guia\/wp-json\/wp\/v2\/categories?post=307"},{"taxonomy":"post_tag","embeddable":true,"href":"https:\/\/www.callejeromadrid.eu\/guia\/wp-json\/wp\/v2\/tags?post=307"}],"curies":[{"name":"wp","href":"https:\/\/api.w.org\/{rel}","templated":true}]}}