{"id":183,"date":"2024-05-07T22:01:04","date_gmt":"2024-05-07T22:01:04","guid":{"rendered":"http:\/\/www.callejeromadrid.eu\/guia\/?p=183"},"modified":"2025-04-10T06:41:57","modified_gmt":"2025-04-10T06:41:57","slug":"castillo-de-manzanares-el-real","status":"publish","type":"post","link":"https:\/\/www.callejeromadrid.eu\/guia\/castillo-de-manzanares-el-real.htm","title":{"rendered":"Castillo de Manzanares El Real"},"content":{"rendered":"<p><strong>Es el m\u00e1s emblem\u00e1tico y mejor conservado de la regi\u00f3n madrile\u00f1a. Propiedad de la Casa Ducal del Infantado se edific\u00f3 en estilo G\u00f3tico \u00abIsabelino\u00bb en 1475 gracias a Diego Hurtado de Mendoza. Su art\u00edfice fue Juan Guas, arquitecto de los Reyes Cat\u00f3licos.<\/strong><\/p>\n<figure id=\"attachment_184\" aria-describedby=\"caption-attachment-184\" style=\"width: 350px\" class=\"wp-caption aligncenter\"><a href=\"http:\/\/www.callejeromadrid.eu\/guia\/wp-content\/uploads\/2012\/10\/Castillo-de-Manzanares-el-Real-Madrid.jpg\"><img loading=\"lazy\" decoding=\"async\" class=\"size-full wp-image-184\" title=\"Foto Castillo de Manzanares el Real. Madrid\" src=\"http:\/\/www.callejeromadrid.eu\/guia\/wp-content\/uploads\/2012\/10\/Castillo-de-Manzanares-el-Real-Madrid.jpg\" alt=\"\" width=\"350\" height=\"219\" srcset=\"https:\/\/www.callejeromadrid.eu\/guia\/wp-content\/uploads\/2012\/10\/Castillo-de-Manzanares-el-Real-Madrid.jpg 350w, https:\/\/www.callejeromadrid.eu\/guia\/wp-content\/uploads\/2012\/10\/Castillo-de-Manzanares-el-Real-Madrid-300x187.jpg 300w\" sizes=\"auto, (max-width: 350px) 100vw, 350px\" \/><\/a><figcaption id=\"caption-attachment-184\" class=\"wp-caption-text\">Foto Castillo de Manzanares el Real. Madrid<\/figcaption><\/figure>\n<p><!--more--><strong>C\u00d3MO LLEGAR:<\/strong><\/p>\n<ul>\n<li><strong>Carretera<\/strong>: Salida de Madrid por la Autov\u00eda de Colmenar M-607 hasta enlazar con la M-609, direcci\u00f3n Colmenar Viejo. Posteriormente se enlaza con la M-862 y finalmente con la M-608. Total 53 Kil\u00f3metros.<\/li>\n<li><strong>Autob\u00fas<\/strong>: Intercambiador de Plaza de Castilla, L\u00ednea n\u00ba 724.<\/li>\n<\/ul>\n<p><strong>HORARIOS DE VISITA:<\/strong><br \/>\nHorario de martes a domingos: de 10.00 a 17.00 horas. Cierre de taquilla a las 17.00 horas. Lunes cerrado.<\/p>\n<p><strong>CONTACTOS CASTILLO:<\/strong><\/p>\n<ul>\n<li>Tel\u00e9fonos: 91 853 00 08 \/ 91 852 86 85<\/li>\n<li>Tel\u00e9fono Visitas de Grupos: 91 276 73 39. Tel\u00e9fono Visitas Teatralizadas: 91 853 00 08<\/li>\n<\/ul>\n<p><strong>ILUMINACI\u00d3N NOCTURNA:<\/strong><br \/>\nHorarios hasta el 30 de septiembre: 22:30 horas.<\/p>\n<p>En 1931, fue declarado Monumento Hist\u00f3rico Art\u00edstico y es la Direcci\u00f3n General de Turismo de la Consejer\u00eda de Econom\u00eda y Hacienda la encargada de administrar, conservar y mantener sus instalaciones, gestionar la visita p\u00fablica y desarrollar las actividades de car\u00e1cter complementario a la exposici\u00f3n permanente de las salas de esta fortificaci\u00f3n.<br \/>\nGracias al Plan Integral de Aprovechamiento Tur\u00edstico del <strong>Castillo de Manzanares El Real<\/strong> puesto en marcha por la Comunidad de Madrid se han restaurado las colecciones art\u00edsticas que alberga y se ha creado un Centro de Interpretaci\u00f3n y una nueva Sala de Audiovisuales y se han ampliado las salas de exposici\u00f3n permanente. Tambi\u00e9n se ha implantado un nuevo Proyecto museol\u00f3gico y museogr\u00e1fico que ha puesto al d\u00eda las instalaciones y se han mejorado los accesos al monumento.<\/p>\n<p>Adem\u00e1s, <strong>el Castillo de Manzanares El Real<\/strong> acoge actos de car\u00e1cter p\u00fablico e institucional y es susceptible de ser alquilado en su conjunto, o por salas de exposici\u00f3n o reuni\u00f3n.<\/p>\n<p>La visita al Castillo se realiza sobre la base de dos conjuntos expositivos: el centro de interpretaci\u00f3n y las salas palaciegas. Igualmente, a lo largo del a\u00f1o se suceden numerosas actividades como exposiciones temporales, conciertos, espect\u00e1culos de luz y sonido que se mezclan con la iluminaci\u00f3n exterior propia del edificio, un campamento y mercado medieval, etc. con el objetivo ofrecer a los madrile\u00f1os y a los turistas que nos visitan una variada oferta de turismo cultural.<\/p>\n","protected":false},"excerpt":{"rendered":"<p>Es el m\u00e1s emblem\u00e1tico y mejor conservado de la regi\u00f3n madrile\u00f1a. Propiedad de la Casa Ducal del Infantado se edific\u00f3 en estilo G\u00f3tico \u00abIsabelino\u00bb en 1475 gracias a Diego Hurtado de Mendoza. Su art\u00edfice fue Juan Guas, arquitecto de los Reyes Cat\u00f3licos.<\/p>\n","protected":false},"author":1,"featured_media":0,"comment_status":"open","ping_status":"open","sticky":false,"template":"","format":"standard","meta":{"footnotes":""},"categories":[4],"tags":[],"class_list":["post-183","post","type-post","status-publish","format-standard","hentry","category-que-visitar"],"_links":{"self":[{"href":"https:\/\/www.callejeromadrid.eu\/guia\/wp-json\/wp\/v2\/posts\/183","targetHints":{"allow":["GET"]}}],"collection":[{"href":"https:\/\/www.callejeromadrid.eu\/guia\/wp-json\/wp\/v2\/posts"}],"about":[{"href":"https:\/\/www.callejeromadrid.eu\/guia\/wp-json\/wp\/v2\/types\/post"}],"author":[{"embeddable":true,"href":"https:\/\/www.callejeromadrid.eu\/guia\/wp-json\/wp\/v2\/users\/1"}],"replies":[{"embeddable":true,"href":"https:\/\/www.callejeromadrid.eu\/guia\/wp-json\/wp\/v2\/comments?post=183"}],"version-history":[{"count":5,"href":"https:\/\/www.callejeromadrid.eu\/guia\/wp-json\/wp\/v2\/posts\/183\/revisions"}],"predecessor-version":[{"id":186,"href":"https:\/\/www.callejeromadrid.eu\/guia\/wp-json\/wp\/v2\/posts\/183\/revisions\/186"}],"wp:attachment":[{"href":"https:\/\/www.callejeromadrid.eu\/guia\/wp-json\/wp\/v2\/media?parent=183"}],"wp:term":[{"taxonomy":"category","embeddable":true,"href":"https:\/\/www.callejeromadrid.eu\/guia\/wp-json\/wp\/v2\/categories?post=183"},{"taxonomy":"post_tag","embeddable":true,"href":"https:\/\/www.callejeromadrid.eu\/guia\/wp-json\/wp\/v2\/tags?post=183"}],"curies":[{"name":"wp","href":"https:\/\/api.w.org\/{rel}","templated":true}]}}