{"id":1277,"date":"2024-04-08T16:56:24","date_gmt":"2024-04-08T16:56:24","guid":{"rendered":"https:\/\/www.callejeromadrid.eu\/guia\/?p=1277"},"modified":"2025-04-10T06:43:10","modified_gmt":"2025-04-10T06:43:10","slug":"ultima-hora-atascos-en-la-cn-2-m30-y-en-el-centro-de-madrid-en-el-estado-de-alarma","status":"publish","type":"post","link":"https:\/\/www.callejeromadrid.eu\/guia\/ultima-hora-atascos-en-la-cn-2-m30-y-en-el-centro-de-madrid-en-el-estado-de-alarma.htm","title":{"rendered":"\u00daltima hora: Atascos en la CN-2, M30 y en el centro de Madrid en el estado de alarma"},"content":{"rendered":"\n<ul class=\"wp-block-list\"><li>Nos env\u00eda im\u00e1genes de compa\u00f1eros que van a trabajar al Hospital La Paz de Madrid y se encuentran parados en el centro de Madrid y en pleno estado de alarma por el COVID-19 o Coronavirus.<\/li><li>\u00ab<em>No creo que vengamos todos del hospital<\/em>\u00ab, \u00ab<em>Es incre\u00edble<\/em>\u00ab<\/li><li>Atascos en la Carretera Nacional 2, direcci\u00f3n carretera de Barcelona.<\/li><li>Atascos en Arturo Soria, en el centro de Madrid.<\/li><\/ul>\n\n\n\n<p>Os dejamos alguna fotos del v\u00eddeo del atasto que ahora mismo se est\u00e1 produciendo en el centro de Madrid.<\/p>\n\n\n\n<figure class=\"wp-block-image size-large\"><img loading=\"lazy\" decoding=\"async\" width=\"640\" height=\"295\" src=\"https:\/\/www.callejeromadrid.eu\/guia\/wp-content\/uploads\/2020\/04\/IMG_3410.png\" alt=\"\" class=\"wp-image-1280\" srcset=\"https:\/\/www.callejeromadrid.eu\/guia\/wp-content\/uploads\/2020\/04\/IMG_3410.png 640w, https:\/\/www.callejeromadrid.eu\/guia\/wp-content\/uploads\/2020\/04\/IMG_3410-300x138.png 300w\" sizes=\"auto, (max-width: 640px) 100vw, 640px\" \/><\/figure>\n\n\n\n<!--more-->\n\n\n\n<figure class=\"wp-block-image size-large\"><img loading=\"lazy\" decoding=\"async\" width=\"640\" height=\"295\" src=\"https:\/\/www.callejeromadrid.eu\/guia\/wp-content\/uploads\/2020\/04\/IMG_3408-1.png\" alt=\"\" class=\"wp-image-1285\" srcset=\"https:\/\/www.callejeromadrid.eu\/guia\/wp-content\/uploads\/2020\/04\/IMG_3408-1.png 640w, https:\/\/www.callejeromadrid.eu\/guia\/wp-content\/uploads\/2020\/04\/IMG_3408-1-300x138.png 300w\" sizes=\"auto, (max-width: 640px) 100vw, 640px\" \/><\/figure>\n\n\n\n<p>Hoy es Mi\u00e9rcoles Santo por la tarde a las 15:30h ya se est\u00e1n registrando atascos por las salidad de Madrid y seguro que se van fuera a sus segundas residencias para pasar estos cuatro d\u00edas de vacaciones, a pesar de las advertencias y todas las noticias que se est\u00e1n dando y recomendando en televisi\u00f3n, radio o<\/p>\n\n\n\n<p>\u00ab<em>Estamos aqu\u00ed en la carretera Nacional 2, llevamos aqu\u00ed desde la 14:45h para salir de la M30 hacia la Carretera de la Nacional 2 direcci\u00f3n carretera de Barcelona y esto es incre\u00edble porque resulta que, no creo que vengamos todos de trabajar del hospital, se plantea la compa\u00f1era, es que estamos parados y todos los carriles parados desde la Avda. de la Am\u00e9rica, debe ser que est\u00e1n haciendo un control policial porque quiz\u00e1s se est\u00e9 llendo todo el mundo de Madrid, y aqu\u00ed estamos parados los que vamos todos los d\u00edas a trabajar tenemos que esta parados 1 hora y media para llegar a nuestro domicilio porque hay mucho descelebrado que debe haber cogido el coche y salido a la calle, porque no entiendo otra explicaci\u00f3n la verdad. La compa\u00f1ero intenta grabar desde otra perspectiva y muestra que todos los carriles de la Nacional 2 y todos los carriles de Arturo Soria tambi\u00e9n y estamos parados parados parados<\/em>\u00ab<\/p>\n\n\n\n<p>Mientras tanto, desde el Gobierno de Espa\u00f1a el ministro Grande-Marlaska, ha anunciado se van a incrementar los controles en estos d\u00edas para evitar el desplazamiento a segundas residencias, y ya se han denunciado o multado a muchas familiar que llegan a la Comunidad Valenciana, A Coru\u00f1a, Andaluc\u00eda o incluso a la Regi\u00f3n de Murcia.<\/p>\n\n\n\n<p>Os dejamos el v\u00eddeo completo de nuestra compa\u00f1era que est\u00e1 en el atasco en la M30 de Madrid, en pleno estado de alarma por el Coronavirus:<\/p>\n\n\n\n<figure class=\"wp-block-embed-youtube wp-block-embed is-type-video is-provider-youtube wp-embed-aspect-16-9 wp-has-aspect-ratio\"><div class=\"wp-block-embed__wrapper\">\n<iframe loading=\"lazy\" title=\"\u00daltima hora: Atascos en la CN-2, M30 y en el centro de Madrid en el estado de alarma\" width=\"500\" height=\"281\" src=\"https:\/\/www.youtube.com\/embed\/x26RJ68dS0E?feature=oembed\" frameborder=\"0\" allow=\"accelerometer; autoplay; clipboard-write; encrypted-media; gyroscope; picture-in-picture; web-share\" referrerpolicy=\"strict-origin-when-cross-origin\" allowfullscreen><\/iframe>\n<\/div><\/figure>\n","protected":false},"excerpt":{"rendered":"<p>Nos env\u00eda im\u00e1genes de compa\u00f1eros que van a trabajar al Hospital La Paz de Madrid y se encuentran parados en el centro de Madrid y en pleno estado de alarma por el COVID-19 o Coronavirus. \u00abNo creo que vengamos todos del hospital\u00ab, \u00abEs incre\u00edble\u00ab Atascos en la Carretera Nacional 2, direcci\u00f3n carretera de Barcelona. Atascos [&hellip;]<\/p>\n","protected":false},"author":1,"featured_media":1283,"comment_status":"closed","ping_status":"closed","sticky":false,"template":"","format":"standard","meta":{"footnotes":""},"categories":[6],"tags":[],"class_list":["post-1277","post","type-post","status-publish","format-standard","has-post-thumbnail","hentry","category-noticias-importantes"],"_links":{"self":[{"href":"https:\/\/www.callejeromadrid.eu\/guia\/wp-json\/wp\/v2\/posts\/1277","targetHints":{"allow":["GET"]}}],"collection":[{"href":"https:\/\/www.callejeromadrid.eu\/guia\/wp-json\/wp\/v2\/posts"}],"about":[{"href":"https:\/\/www.callejeromadrid.eu\/guia\/wp-json\/wp\/v2\/types\/post"}],"author":[{"embeddable":true,"href":"https:\/\/www.callejeromadrid.eu\/guia\/wp-json\/wp\/v2\/users\/1"}],"replies":[{"embeddable":true,"href":"https:\/\/www.callejeromadrid.eu\/guia\/wp-json\/wp\/v2\/comments?post=1277"}],"version-history":[{"count":6,"href":"https:\/\/www.callejeromadrid.eu\/guia\/wp-json\/wp\/v2\/posts\/1277\/revisions"}],"predecessor-version":[{"id":1289,"href":"https:\/\/www.callejeromadrid.eu\/guia\/wp-json\/wp\/v2\/posts\/1277\/revisions\/1289"}],"wp:featuredmedia":[{"embeddable":true,"href":"https:\/\/www.callejeromadrid.eu\/guia\/wp-json\/wp\/v2\/media\/1283"}],"wp:attachment":[{"href":"https:\/\/www.callejeromadrid.eu\/guia\/wp-json\/wp\/v2\/media?parent=1277"}],"wp:term":[{"taxonomy":"category","embeddable":true,"href":"https:\/\/www.callejeromadrid.eu\/guia\/wp-json\/wp\/v2\/categories?post=1277"},{"taxonomy":"post_tag","embeddable":true,"href":"https:\/\/www.callejeromadrid.eu\/guia\/wp-json\/wp\/v2\/tags?post=1277"}],"curies":[{"name":"wp","href":"https:\/\/api.w.org\/{rel}","templated":true}]}}