{"id":1180,"date":"2023-09-26T08:05:56","date_gmt":"2023-09-26T08:05:56","guid":{"rendered":"http:\/\/www.callejeromadrid.eu\/guia\/?p=1180"},"modified":"2025-04-10T06:44:25","modified_gmt":"2025-04-10T06:44:25","slug":"1200-m2-y-3-plantas-para-la-libreria-la-central-de-callao","status":"publish","type":"post","link":"https:\/\/www.callejeromadrid.eu\/guia\/1200-m2-y-3-plantas-para-la-libreria-la-central-de-callao.htm","title":{"rendered":"1200 m2 y 3 plantas para la librer\u00eda: La Central de Callao"},"content":{"rendered":"<p><strong>Esta es su presentaci\u00f3n: 1200m cuadrados, divididos en 3 plantas y\u00a0con casi 100.000 libros o t\u00edtulos diferentes, es una de las librer\u00edas m\u00e1s grandes y completas de Madrid.<\/strong><\/p>\n<p><img loading=\"lazy\" decoding=\"async\" class=\"aligncenter size-full wp-image-1187\" src=\"http:\/\/www.callejeromadrid.eu\/guia\/wp-content\/uploads\/2017\/09\/la_central_de_callao_00.jpg\" alt=\"la_central_de_callao_00\" width=\"600\" height=\"338\" srcset=\"https:\/\/www.callejeromadrid.eu\/guia\/wp-content\/uploads\/2017\/09\/la_central_de_callao_00.jpg 600w, https:\/\/www.callejeromadrid.eu\/guia\/wp-content\/uploads\/2017\/09\/la_central_de_callao_00-300x169.jpg 300w\" sizes=\"auto, (max-width: 600px) 100vw, 600px\" \/><\/p>\n<p>La libreria est\u00e1 especializada en\u00a0filosof\u00eda, historia, ciencias sociales y literatura.\u00a0<!--more--><\/p>\n<p>La Central de Callao est\u00e1 situada en una casa palacio de tres plantas. En el edificio tambi\u00e9n hay un caf\u00e9-restaurante \u00abEl bistr\u00f3\u00bb y una cocteler\u00eda \u00abEl garito\u00bb que s\u00f3l est\u00e1 abierta para presentaciones y eventos, por lo que en esta librer\u00eda tambi\u00e9n puedes encontrar una variada programaci\u00f3n de actividades culturales.<\/p>\n<p>Para llegar a la librer\u00eda \u00abLa Central de Calla\u00bb, lo puedes hacer en autob\u00fas urbano, en metro,&#8230; Est\u00e1 situada en la C\/ Postigo de San Mart\u00edn, n\u00ba8, CP: 28013 en Madrid. El tel\u00e9fon para consultas es el 917.909.922, y sus horarios son:<\/p>\n<p>Horarios \u00abLibreria La Central de Callao\u00bb y Bistr\u00f3:<\/p>\n<p>Lunes, martes, mi\u00e9rcoles y jueves de 10.00h &#8211; 21.30h<\/p>\n<p>Viernes y s\u00e1bado: 10.00h &#8211; 22.00h<\/p>\n<p>Domingos y festivos: 11.00h &#8211; 21.00h<\/p>\n<p>La librer\u00eda se puede ver por dentro, y acerte una idea del espacio y la calidad de sus bibliotecarios, estanter\u00edas, vol\u00famenes,&#8230; <a href=\"https:\/\/www.google.es\/maps\/@40.4193272,-3.7058446,2a,75y,23.95h,91.33t\/data=!3m7!1e1!3m5!1siO7Hqesj8S4AAAQJOLA9qA!2e0!3e2!7i13312!8i6656\">ver por dentro la libreria<\/a><\/p>\n<h2>Os dejamos algunas fotos de \u00abLa librer\u00eda Central del Calla\u00bb para que os hag\u00e1is una peque\u00f1a idea<\/h2>\n<p><img loading=\"lazy\" decoding=\"async\" class=\"aligncenter size-full wp-image-1187\" src=\"http:\/\/www.callejeromadrid.eu\/guia\/wp-content\/uploads\/2017\/09\/la_central_de_callao_00.jpg\" alt=\"la_central_de_callao_00\" width=\"600\" height=\"338\" srcset=\"https:\/\/www.callejeromadrid.eu\/guia\/wp-content\/uploads\/2017\/09\/la_central_de_callao_00.jpg 600w, https:\/\/www.callejeromadrid.eu\/guia\/wp-content\/uploads\/2017\/09\/la_central_de_callao_00-300x169.jpg 300w\" sizes=\"auto, (max-width: 600px) 100vw, 600px\" \/> <img loading=\"lazy\" decoding=\"async\" class=\"aligncenter size-large wp-image-1188\" src=\"http:\/\/www.callejeromadrid.eu\/guia\/wp-content\/uploads\/2017\/09\/la_central_de_callao_01.jpg\" alt=\"la_central_de_callao_01\" width=\"600\" height=\"365\" srcset=\"https:\/\/www.callejeromadrid.eu\/guia\/wp-content\/uploads\/2017\/09\/la_central_de_callao_01.jpg 600w, https:\/\/www.callejeromadrid.eu\/guia\/wp-content\/uploads\/2017\/09\/la_central_de_callao_01-300x183.jpg 300w\" sizes=\"auto, (max-width: 600px) 100vw, 600px\" \/> <img loading=\"lazy\" decoding=\"async\" class=\"aligncenter size-large wp-image-1189\" src=\"http:\/\/www.callejeromadrid.eu\/guia\/wp-content\/uploads\/2017\/09\/la_central_de_callao_02.jpg\" alt=\"la_central_de_callao_02\" width=\"600\" height=\"450\" srcset=\"https:\/\/www.callejeromadrid.eu\/guia\/wp-content\/uploads\/2017\/09\/la_central_de_callao_02.jpg 600w, https:\/\/www.callejeromadrid.eu\/guia\/wp-content\/uploads\/2017\/09\/la_central_de_callao_02-300x225.jpg 300w\" sizes=\"auto, (max-width: 600px) 100vw, 600px\" \/> <img loading=\"lazy\" decoding=\"async\" class=\"aligncenter size-large wp-image-1190\" src=\"http:\/\/www.callejeromadrid.eu\/guia\/wp-content\/uploads\/2017\/09\/la_central_de_callao_04_el_bistro.jpg\" alt=\"la_central_de_callao_04_el_bistro\" width=\"600\" height=\"399\" srcset=\"https:\/\/www.callejeromadrid.eu\/guia\/wp-content\/uploads\/2017\/09\/la_central_de_callao_04_el_bistro.jpg 600w, https:\/\/www.callejeromadrid.eu\/guia\/wp-content\/uploads\/2017\/09\/la_central_de_callao_04_el_bistro-300x200.jpg 300w\" sizes=\"auto, (max-width: 600px) 100vw, 600px\" \/> <img loading=\"lazy\" decoding=\"async\" class=\"aligncenter size-large wp-image-1191\" src=\"http:\/\/www.callejeromadrid.eu\/guia\/wp-content\/uploads\/2017\/09\/la_central_de_callao_05.jpg\" alt=\"la_central_de_callao_05\" width=\"600\" height=\"407\" srcset=\"https:\/\/www.callejeromadrid.eu\/guia\/wp-content\/uploads\/2017\/09\/la_central_de_callao_05.jpg 600w, https:\/\/www.callejeromadrid.eu\/guia\/wp-content\/uploads\/2017\/09\/la_central_de_callao_05-300x204.jpg 300w\" sizes=\"auto, (max-width: 600px) 100vw, 600px\" \/> <img loading=\"lazy\" decoding=\"async\" class=\"aligncenter size-large wp-image-1192\" src=\"http:\/\/www.callejeromadrid.eu\/guia\/wp-content\/uploads\/2017\/09\/la_central_de_callao_06.jpg\" alt=\"la_central_de_callao_06\" width=\"600\" height=\"600\" srcset=\"https:\/\/www.callejeromadrid.eu\/guia\/wp-content\/uploads\/2017\/09\/la_central_de_callao_06.jpg 600w, https:\/\/www.callejeromadrid.eu\/guia\/wp-content\/uploads\/2017\/09\/la_central_de_callao_06-150x150.jpg 150w, https:\/\/www.callejeromadrid.eu\/guia\/wp-content\/uploads\/2017\/09\/la_central_de_callao_06-300x300.jpg 300w\" sizes=\"auto, (max-width: 600px) 100vw, 600px\" \/><\/p>\n<h2>C\u00f3mo llegar a la librer\u00eda \u00abCentral de Callao\u00bb<\/h2>\n<p><iframe loading=\"lazy\" style=\"border: 0;\" src=\"https:\/\/www.google.com\/maps\/embed?pb=!1m14!1m8!1m3!1d12150.111502991638!2d-3.7060106!3d40.4193087!3m2!1i1024!2i768!4f13.1!3m3!1m2!1s0x0%3A0x9755ec3a784d5a04!2sLa+Central!5e0!3m2!1ses-419!2ses!4v1506413071202\" width=\"800px\" height=\"600px\" frameborder=\"0\" allowfullscreen=\"allowfullscreen\"><\/iframe><\/p>\n","protected":false},"excerpt":{"rendered":"<p>Esta es su presentaci\u00f3n: 1200m cuadrados, divididos en 3 plantas y\u00a0con casi 100.000 libros o t\u00edtulos diferentes, es una de las librer\u00edas m\u00e1s grandes y completas de Madrid. La libreria est\u00e1 especializada en\u00a0filosof\u00eda, historia, ciencias sociales y literatura.\u00a0<\/p>\n","protected":false},"author":1,"featured_media":0,"comment_status":"open","ping_status":"open","sticky":false,"template":"","format":"standard","meta":{"footnotes":""},"categories":[80],"tags":[],"class_list":["post-1180","post","type-post","status-publish","format-standard","hentry","category-librerias"],"_links":{"self":[{"href":"https:\/\/www.callejeromadrid.eu\/guia\/wp-json\/wp\/v2\/posts\/1180","targetHints":{"allow":["GET"]}}],"collection":[{"href":"https:\/\/www.callejeromadrid.eu\/guia\/wp-json\/wp\/v2\/posts"}],"about":[{"href":"https:\/\/www.callejeromadrid.eu\/guia\/wp-json\/wp\/v2\/types\/post"}],"author":[{"embeddable":true,"href":"https:\/\/www.callejeromadrid.eu\/guia\/wp-json\/wp\/v2\/users\/1"}],"replies":[{"embeddable":true,"href":"https:\/\/www.callejeromadrid.eu\/guia\/wp-json\/wp\/v2\/comments?post=1180"}],"version-history":[{"count":2,"href":"https:\/\/www.callejeromadrid.eu\/guia\/wp-json\/wp\/v2\/posts\/1180\/revisions"}],"predecessor-version":[{"id":1218,"href":"https:\/\/www.callejeromadrid.eu\/guia\/wp-json\/wp\/v2\/posts\/1180\/revisions\/1218"}],"wp:attachment":[{"href":"https:\/\/www.callejeromadrid.eu\/guia\/wp-json\/wp\/v2\/media?parent=1180"}],"wp:term":[{"taxonomy":"category","embeddable":true,"href":"https:\/\/www.callejeromadrid.eu\/guia\/wp-json\/wp\/v2\/categories?post=1180"},{"taxonomy":"post_tag","embeddable":true,"href":"https:\/\/www.callejeromadrid.eu\/guia\/wp-json\/wp\/v2\/tags?post=1180"}],"curies":[{"name":"wp","href":"https:\/\/api.w.org\/{rel}","templated":true}]}}