{"id":1174,"date":"2017-09-09T18:30:49","date_gmt":"2017-09-09T18:30:49","guid":{"rendered":"http:\/\/www.callejeromadrid.eu\/guia\/?p=1174"},"modified":"2017-09-09T18:30:49","modified_gmt":"2017-09-09T18:30:49","slug":"lavuelta-ciclista-2017-colapsa-el-centro-de-madrid","status":"publish","type":"post","link":"https:\/\/www.callejeromadrid.eu\/guia\/lavuelta-ciclista-2017-colapsa-el-centro-de-madrid.htm","title":{"rendered":"LaVuelta ciclista 2017 colapsa el Centro de Madrid"},"content":{"rendered":"<ul>\n<li><strong>Ma\u00f1ana 10 de Septiembre Madrid permanecer\u00e1 cerrada al tr\u00e1fico desde las 16:00h hasta las 20:00h.<\/strong><\/li>\n<\/ul>\n<p><img loading=\"lazy\" decoding=\"async\" class=\"aligncenter size-full wp-image-1175\" src=\"http:\/\/www.callejeromadrid.eu\/guia\/wp-content\/uploads\/2017\/09\/lavuelta-con-alberto-contador.jpg\" alt=\"lavuelta con alberto contador llega a madrid\" width=\"960\" height=\"440\" srcset=\"https:\/\/www.callejeromadrid.eu\/guia\/wp-content\/uploads\/2017\/09\/lavuelta-con-alberto-contador.jpg 960w, https:\/\/www.callejeromadrid.eu\/guia\/wp-content\/uploads\/2017\/09\/lavuelta-con-alberto-contador-300x138.jpg 300w, https:\/\/www.callejeromadrid.eu\/guia\/wp-content\/uploads\/2017\/09\/lavuelta-con-alberto-contador-768x352.jpg 768w\" sizes=\"auto, (max-width: 960px) 100vw, 960px\" \/><\/p>\n<p>LaVuelta ciclista a Espa\u00f1a llegar\u00e1 ma\u00f1ana a la capital de Espa\u00f1a en su \u00faltima etapa de la edici\u00f3n n\u00famero 72.<!--more--><\/p>\n<h2>Itinerario de la etapa en Madrid<\/h2>\n<p>La carrer\u00e1 comienza en Arroyomolinos poco antes de las 17:00pm con direcci\u00f3n M\u00f3stoles y pasando por las localidades de Brunete, Villaviciosa de Od\u00f3n, M\u00f3stoles, Fuenlabrada, Legan\u00e9s y llegar\u00e1n a Madrid entorno las<br \/>\n19:00pm horario previsto por la organizaci\u00f3n. En la capital les esperan un cirtuito de poco m\u00e1s de 6km en el que los ciclistas tendr\u00e1n que dar 10 vueltas y completar los \u00faltimos 60km de competici\u00f3n al m\u00e1ximo nivel.<\/p>\n<p>El recorrido por el coraz\u00f3n de Madrid por donde pasar\u00e1n los ciclistas es:<\/p>\n<ul>\n<li>La meta situada en Plaza Cibeles<\/li>\n<li>Paseo de Recoletos<\/li>\n<li>Plaza de Callao<\/li>\n<li>Plaza Cibeles<\/li>\n<li>Paseo del Prado<\/li>\n<\/ul>\n","protected":false},"excerpt":{"rendered":"<p>Ma\u00f1ana 10 de Septiembre Madrid permanecer\u00e1 cerrada al tr\u00e1fico desde las 16:00h hasta las 20:00h. LaVuelta ciclista a Espa\u00f1a llegar\u00e1 ma\u00f1ana a la capital de Espa\u00f1a en su \u00faltima etapa de la edici\u00f3n n\u00famero 72.<\/p>\n","protected":false},"author":1,"featured_media":0,"comment_status":"open","ping_status":"open","sticky":false,"template":"","format":"standard","meta":{"footnotes":""},"categories":[19],"tags":[],"class_list":["post-1174","post","type-post","status-publish","format-standard","hentry","category-eventos"],"_links":{"self":[{"href":"https:\/\/www.callejeromadrid.eu\/guia\/wp-json\/wp\/v2\/posts\/1174","targetHints":{"allow":["GET"]}}],"collection":[{"href":"https:\/\/www.callejeromadrid.eu\/guia\/wp-json\/wp\/v2\/posts"}],"about":[{"href":"https:\/\/www.callejeromadrid.eu\/guia\/wp-json\/wp\/v2\/types\/post"}],"author":[{"embeddable":true,"href":"https:\/\/www.callejeromadrid.eu\/guia\/wp-json\/wp\/v2\/users\/1"}],"replies":[{"embeddable":true,"href":"https:\/\/www.callejeromadrid.eu\/guia\/wp-json\/wp\/v2\/comments?post=1174"}],"version-history":[{"count":1,"href":"https:\/\/www.callejeromadrid.eu\/guia\/wp-json\/wp\/v2\/posts\/1174\/revisions"}],"predecessor-version":[{"id":1176,"href":"https:\/\/www.callejeromadrid.eu\/guia\/wp-json\/wp\/v2\/posts\/1174\/revisions\/1176"}],"wp:attachment":[{"href":"https:\/\/www.callejeromadrid.eu\/guia\/wp-json\/wp\/v2\/media?parent=1174"}],"wp:term":[{"taxonomy":"category","embeddable":true,"href":"https:\/\/www.callejeromadrid.eu\/guia\/wp-json\/wp\/v2\/categories?post=1174"},{"taxonomy":"post_tag","embeddable":true,"href":"https:\/\/www.callejeromadrid.eu\/guia\/wp-json\/wp\/v2\/tags?post=1174"}],"curies":[{"name":"wp","href":"https:\/\/api.w.org\/{rel}","templated":true}]}}