{"id":1118,"date":"2016-11-01T10:23:19","date_gmt":"2016-11-01T10:23:19","guid":{"rendered":"http:\/\/www.callejeromadrid.eu\/guia\/?p=1118"},"modified":"2016-09-06T11:23:17","modified_gmt":"2016-09-06T11:23:17","slug":"el-dia-de-la-almudena-9-de-noviembre-madrid","status":"publish","type":"post","link":"https:\/\/www.callejeromadrid.eu\/guia\/el-dia-de-la-almudena-9-de-noviembre-madrid.htm","title":{"rendered":"El D\u00eda de la Almudena &#8211; 9 de Noviembre Madrid"},"content":{"rendered":"<p><a href=\"http:\/\/www.callejeromadrid.eu\/guia\/wp-content\/uploads\/2016\/03\/Virgin_de_la_Almudena_-_Catedral_de_la_Almudena.jpg\"><img loading=\"lazy\" decoding=\"async\" class=\"aligncenter size-full wp-image-1119\" src=\"http:\/\/www.callejeromadrid.eu\/guia\/wp-content\/uploads\/2016\/03\/Virgin_de_la_Almudena_-_Catedral_de_la_Almudena.jpg\" alt=\"Virgin_de_la_Almudena_-_Catedral_de_la_Almudena\" width=\"245\" height=\"375\" srcset=\"https:\/\/www.callejeromadrid.eu\/guia\/wp-content\/uploads\/2016\/03\/Virgin_de_la_Almudena_-_Catedral_de_la_Almudena.jpg 245w, https:\/\/www.callejeromadrid.eu\/guia\/wp-content\/uploads\/2016\/03\/Virgin_de_la_Almudena_-_Catedral_de_la_Almudena-196x300.jpg 196w\" sizes=\"auto, (max-width: 245px) 100vw, 245px\" \/><\/a><\/p>\n<ul>\n<li><strong>Patrona de la ciudad de Madrid y de la Archidi\u00f3cesis de Madrid<\/strong><\/li>\n<\/ul>\n<p><!--more-->El <strong>D\u00eda de la Almudena<\/strong> (9 de Noviembre) siguiendo la tradici\u00f3n se realizan actos religiosos y procesionales para orar y dar gracias a Dios y la Virgen de la Almudena.<br \/>\nEstos actos son una Eucarist\u00eda y una Procesi\u00f3n que se inicia en la Plaza Mayor y termina en la Plaza de la Almudena. Tambi\u00e9n se celebran ofrendas florales, conciertos, o otros actos religiosos, como el rezo de rosarios.<\/p>\n<p>Las pasteler\u00edas tienen mucho trabajo, ya que durante ese d\u00eda se elaboran y venden \u00ab<em>Coronas de la Virgen de la Almudena<\/em>\u00ab. Estas coronas son un dulce muy similar al rosc\u00f3n de Reyes. Es una tradici\u00f3n muy extendida, comprar estas coronas y disfrutarlas junto con la familia y los amigos en el D\u00eda de la Almudena.<\/p>\n","protected":false},"excerpt":{"rendered":"<p>Patrona de la ciudad de Madrid y de la Archidi\u00f3cesis de Madrid<\/p>\n","protected":false},"author":1,"featured_media":0,"comment_status":"open","ping_status":"open","sticky":false,"template":"","format":"standard","meta":{"footnotes":""},"categories":[73],"tags":[],"class_list":["post-1118","post","type-post","status-publish","format-standard","hentry","category-dia-de-la-almudena"],"_links":{"self":[{"href":"https:\/\/www.callejeromadrid.eu\/guia\/wp-json\/wp\/v2\/posts\/1118","targetHints":{"allow":["GET"]}}],"collection":[{"href":"https:\/\/www.callejeromadrid.eu\/guia\/wp-json\/wp\/v2\/posts"}],"about":[{"href":"https:\/\/www.callejeromadrid.eu\/guia\/wp-json\/wp\/v2\/types\/post"}],"author":[{"embeddable":true,"href":"https:\/\/www.callejeromadrid.eu\/guia\/wp-json\/wp\/v2\/users\/1"}],"replies":[{"embeddable":true,"href":"https:\/\/www.callejeromadrid.eu\/guia\/wp-json\/wp\/v2\/comments?post=1118"}],"version-history":[{"count":1,"href":"https:\/\/www.callejeromadrid.eu\/guia\/wp-json\/wp\/v2\/posts\/1118\/revisions"}],"predecessor-version":[{"id":1120,"href":"https:\/\/www.callejeromadrid.eu\/guia\/wp-json\/wp\/v2\/posts\/1118\/revisions\/1120"}],"wp:attachment":[{"href":"https:\/\/www.callejeromadrid.eu\/guia\/wp-json\/wp\/v2\/media?parent=1118"}],"wp:term":[{"taxonomy":"category","embeddable":true,"href":"https:\/\/www.callejeromadrid.eu\/guia\/wp-json\/wp\/v2\/categories?post=1118"},{"taxonomy":"post_tag","embeddable":true,"href":"https:\/\/www.callejeromadrid.eu\/guia\/wp-json\/wp\/v2\/tags?post=1118"}],"curies":[{"name":"wp","href":"https:\/\/api.w.org\/{rel}","templated":true}]}}